{"html":"\n\n\n    \n\n<table>\n    <thead class=\"hide-smartphone\">\n    <td>Nome dei documenti:<\/td>\n    <td><\/td>\n    <\/thead>\n    <tbody>\n    \n        \n\n<tr>\n    <td><a href=\"\/documentazione\/details\/documents\/document\/detail\/accordo-di-collaborazione-con-nojz-netzwerk-offene-kinder-jugendarbeit\">Accordo di collaborazione con NOJZ (Netzwerk offene Kinder- &amp; Jugendarbeit)<\/a><\/td>\n    <td class=\"hide-smartphone align-middle\"><a href=\"\/documentazione\/details\/documents\/document\/detail\/accordo-di-collaborazione-con-nojz-netzwerk-offene-kinder-jugendarbeit\"><span class=\"list-link-icon\"><\/span><\/a><\/td>\n<\/tr>\n\n    \n        \n\n<tr>\n    <td><a href=\"\/documentazione\/details\/documents\/document\/detail\/accordo-di-programma-tra-il-gsud-e-il-consultorio-kontakt-uri\">Accordo di programma tra il GSUD e il consultorio &quot;Kontakt&quot; Uri<\/a><\/td>\n    <td class=\"hide-smartphone align-middle\"><a href=\"\/documentazione\/details\/documents\/document\/detail\/accordo-di-programma-tra-il-gsud-e-il-consultorio-kontakt-uri\"><span class=\"list-link-icon\"><\/span><\/a><\/td>\n<\/tr>\n\n    \n        \n\n<tr>\n    <td><a href=\"\/documentazione\/details\/documents\/document\/detail\/analisi-della-situazione-je-participe\">Analisi della situazione \u00abJe participe!\u00bb<\/a><\/td>\n    <td class=\"hide-smartphone align-middle\"><a href=\"\/documentazione\/details\/documents\/document\/detail\/analisi-della-situazione-je-participe\"><span class=\"list-link-icon\"><\/span><\/a><\/td>\n<\/tr>\n\n    \n        \n\n<tr>\n    <td><a href=\"\/documentazione\/details\/documents\/document\/detail\/attivita-aperte-a-tutti-i-bambini-e-i-giovani-a-winterthur-piano-direttivo\">Attivit\u00e0 aperte a tutti i bambini e i giovani a Winterthur, piano direttivo<\/a><\/td>\n    <td class=\"hide-smartphone align-middle\"><a href=\"\/documentazione\/details\/documents\/document\/detail\/attivita-aperte-a-tutti-i-bambini-e-i-giovani-a-winterthur-piano-direttivo\"><span class=\"list-link-icon\"><\/span><\/a><\/td>\n<\/tr>\n\n    \n        \n\n<tr>\n    <td><a href=\"\/documentazione\/details\/documents\/document\/detail\/umsetzung-kibeg\">Attuazione della LASBA<\/a><\/td>\n    <td class=\"hide-smartphone align-middle\"><a href=\"\/documentazione\/details\/documents\/document\/detail\/umsetzung-kibeg\"><span class=\"list-link-icon\"><\/span><\/a><\/td>\n<\/tr>\n\n    \n        \n\n<tr>\n    <td><a href=\"\/documentazione\/details\/documents\/document\/detail\/basi-per-la-promozione-della-gioventu-e-attivita-aperte-a-tutti-i-bambini-e-i-giovani-c-di-glarona\">Basi per la promozione della giovent\u00f9 e attivit\u00e0 aperte a tutti i bambini e i giovani, C. di Glarona<\/a><\/td>\n    <td class=\"hide-smartphone align-middle\"><a href=\"\/documentazione\/details\/documents\/document\/detail\/basi-per-la-promozione-della-gioventu-e-attivita-aperte-a-tutti-i-bambini-e-i-giovani-c-di-glarona\"><span class=\"list-link-icon\"><\/span><\/a><\/td>\n<\/tr>\n\n    \n        \n\n<tr>\n    <td><a href=\"\/documentazione\/details\/documents\/document\/detail\/carta-delle-politiche-giovanili-in-ticino\">Carta delle politiche giovanili in Ticino<\/a><\/td>\n    <td class=\"hide-smartphone align-middle\"><a href=\"\/documentazione\/details\/documents\/document\/detail\/carta-delle-politiche-giovanili-in-ticino\"><span class=\"list-link-icon\"><\/span><\/a><\/td>\n<\/tr>\n\n    \n        \n\n<tr>\n    <td><a href=\"\/documentazione\/details\/documents\/document\/detail\/carta-dellanimazione-socioculturale-la-chaux-de-fonds\">Carta dell\u2019animazione socioculturale, La Chaux-de-Fonds<\/a><\/td>\n    <td class=\"hide-smartphone align-middle\"><a href=\"\/documentazione\/details\/documents\/document\/detail\/carta-dellanimazione-socioculturale-la-chaux-de-fonds\"><span class=\"list-link-icon\"><\/span><\/a><\/td>\n<\/tr>\n\n    \n        \n\n<tr>\n    <td><a href=\"\/documentazione\/details\/documents\/document\/detail\/cdos-raccomandazioni-concernenti-i-minori-non-accompagnati\">CDOS: raccomandazioni concernenti i minori non accompagnati<\/a><\/td>\n    <td class=\"hide-smartphone align-middle\"><a href=\"\/documentazione\/details\/documents\/document\/detail\/cdos-raccomandazioni-concernenti-i-minori-non-accompagnati\"><span class=\"list-link-icon\"><\/span><\/a><\/td>\n<\/tr>\n\n    \n        \n\n<tr>\n    <td><a href=\"\/documentazione\/details\/documents\/document\/detail\/cdos-raccomandazioni-concernenti-la-politica-dellinfanzia-e-della-gioventu-del-19-maggio-2016\">CDOS: raccomandazioni concernenti la politica dell\u2019infanzia e della giovent\u00f9 del 19 maggio 2016<\/a><\/td>\n    <td class=\"hide-smartphone align-middle\"><a href=\"\/documentazione\/details\/documents\/document\/detail\/cdos-raccomandazioni-concernenti-la-politica-dellinfanzia-e-della-gioventu-del-19-maggio-2016\"><span class=\"list-link-icon\"><\/span><\/a><\/td>\n<\/tr>\n\n    \n        \n\n<tr>\n    <td><a href=\"\/documentazione\/details\/documents\/document\/detail\/codice-etico\">Codice etico<\/a><\/td>\n    <td class=\"hide-smartphone align-middle\"><a href=\"\/documentazione\/details\/documents\/document\/detail\/codice-etico\"><span class=\"list-link-icon\"><\/span><\/a><\/td>\n<\/tr>\n\n    \n        \n\n<tr>\n    <td><a href=\"\/documentazione\/details\/documents\/document\/detail\/consulenza-individuale-per-scuole-autorita-e-istituzioni-zh\">Consulenza individuale, ZH<\/a><\/td>\n    <td class=\"hide-smartphone align-middle\"><a href=\"\/documentazione\/details\/documents\/document\/detail\/consulenza-individuale-per-scuole-autorita-e-istituzioni-zh\"><span class=\"list-link-icon\"><\/span><\/a><\/td>\n<\/tr>\n\n    \n        \n\n<tr>\n    <td><a href=\"\/documentazione\/details\/documents\/document\/detail\/contratto-di-prestazioni-con-lassociazione-mantello-delle-organizzazioni-giovanili-okaj\">Contratto di prestazioni con l\u2019associazione mantello delle organizzazioni giovanili okaj<\/a><\/td>\n    <td class=\"hide-smartphone align-middle\"><a href=\"\/documentazione\/details\/documents\/document\/detail\/contratto-di-prestazioni-con-lassociazione-mantello-delle-organizzazioni-giovanili-okaj\"><span class=\"list-link-icon\"><\/span><\/a><\/td>\n<\/tr>\n\n    \n        \n\n<tr>\n    <td><a href=\"\/documentazione\/details\/documents\/document\/detail\/directives-du-1er-mars-2011-sur-les-structures-daccueil-extrascolaire\">Directives du 1er mars 2011 sur les structures d&#039;accueil extrascolaire<\/a><\/td>\n    <td class=\"hide-smartphone align-middle\"><a href=\"\/documentazione\/details\/documents\/document\/detail\/directives-du-1er-mars-2011-sur-les-structures-daccueil-extrascolaire\"><span class=\"list-link-icon\"><\/span><\/a><\/td>\n<\/tr>\n\n    \n        \n\n<tr>\n    <td><a href=\"\/documentazione\/details\/documents\/document\/detail\/distinzione-unicef-comune-amico-dei-bambini-lyss\">Distinzione UNICEF \u00abComune amico dei bambini\u00bb, Lyss<\/a><\/td>\n    <td class=\"hide-smartphone align-middle\"><a href=\"\/documentazione\/details\/documents\/document\/detail\/distinzione-unicef-comune-amico-dei-bambini-lyss\"><span class=\"list-link-icon\"><\/span><\/a><\/td>\n<\/tr>\n\n    \n        \n\n<tr>\n    <td><a href=\"\/documentazione\/details\/documents\/document\/detail\/distinzione-commune-en-sante-anniviers\">Distinzione \u00abCommune en sant\u00e9\u00bb, Anniviers<\/a><\/td>\n    <td class=\"hide-smartphone align-middle\"><a href=\"\/documentazione\/details\/documents\/document\/detail\/distinzione-commune-en-sante-anniviers\"><span class=\"list-link-icon\"><\/span><\/a><\/td>\n<\/tr>\n\n    \n        \n\n<tr>\n    <td><a href=\"\/documentazione\/details\/documents\/document\/detail\/strategiekonzept-koordination-fruehe-foerderung-2020-2024-ag\">Documento strategico per la prima infanzia 2020-2024, AG<\/a><\/td>\n    <td class=\"hide-smartphone align-middle\"><a href=\"\/documentazione\/details\/documents\/document\/detail\/strategiekonzept-koordination-fruehe-foerderung-2020-2024-ag\"><span class=\"list-link-icon\"><\/span><\/a><\/td>\n<\/tr>\n\n    \n        \n\n<tr>\n    <td><a href=\"\/documentazione\/details\/documents\/document\/detail\/dossier-nascere-crescere-e-vivere-a-mendrisio-2020\">Dossier Nascere, Crescere e Vivere a Mendrisio, 2020<\/a><\/td>\n    <td class=\"hide-smartphone align-middle\"><a href=\"\/documentazione\/details\/documents\/document\/detail\/dossier-nascere-crescere-e-vivere-a-mendrisio-2020\"><span class=\"list-link-icon\"><\/span><\/a><\/td>\n<\/tr>\n\n    \n        \n\n<tr>\n    <td><a href=\"\/documentazione\/details\/documents\/document\/detail\/famiglia-e-giovani-1\">Famiglia e Giovani<\/a><\/td>\n    <td class=\"hide-smartphone align-middle\"><a href=\"\/documentazione\/details\/documents\/document\/detail\/famiglia-e-giovani-1\"><span class=\"list-link-icon\"><\/span><\/a><\/td>\n<\/tr>\n\n    \n        \n\n<tr>\n    <td><a href=\"\/documentazione\/details\/documents\/document\/detail\/familienpolitischen-leitbild-2018-2030-1\">Familienpolitischen Leitbild 2018-2030<\/a><\/td>\n    <td class=\"hide-smartphone align-middle\"><a href=\"\/documentazione\/details\/documents\/document\/detail\/familienpolitischen-leitbild-2018-2030-1\"><span class=\"list-link-icon\"><\/span><\/a><\/td>\n<\/tr>\n\n    \n        \n\n<tr>\n    <td><a href=\"\/documentazione\/details\/documents\/document\/detail\/eltern-in-trennung\">Genitori in fase di separazione<\/a><\/td>\n    <td class=\"hide-smartphone align-middle\"><a href=\"\/documentazione\/details\/documents\/document\/detail\/eltern-in-trennung\"><span class=\"list-link-icon\"><\/span><\/a><\/td>\n<\/tr>\n\n    \n        \n\n<tr>\n    <td><a href=\"\/documentazione\/details\/documents\/document\/detail\/leitfaden-zur-entwicklung-kommunaler-kinder-und-jugendpolitik\">Guida all\u2019elaborazione di una politica comunale dell\u2019infanzia e della giovent\u00f9<\/a><\/td>\n    <td class=\"hide-smartphone align-middle\"><a href=\"\/documentazione\/details\/documents\/document\/detail\/leitfaden-zur-entwicklung-kommunaler-kinder-und-jugendpolitik\"><span class=\"list-link-icon\"><\/span><\/a><\/td>\n<\/tr>\n\n    \n        \n\n<tr>\n    <td><a href=\"\/documentazione\/details\/documents\/document\/detail\/leitfaden-zu-den-meldepflichten-bei-kindeswohlgefaehrdung-im-alter-von-0-4-jahre\">Guida sugli obblighi di avviso in caso di minacce per il benessere dei minori di et\u00e0 0-4 anni, AR<\/a><\/td>\n    <td class=\"hide-smartphone align-middle\"><a href=\"\/documentazione\/details\/documents\/document\/detail\/leitfaden-zu-den-meldepflichten-bei-kindeswohlgefaehrdung-im-alter-von-0-4-jahre\"><span class=\"list-link-icon\"><\/span><\/a><\/td>\n<\/tr>\n\n    \n        \n\n<tr>\n    <td><a href=\"\/documentazione\/details\/documents\/document\/detail\/leitfaden-zu-den-meldepflichten-bei-kindeswohlgefaehrdung-fuer-jugendarbeiterinnen-ar\">Guida sugli obblighi di avviso in caso di minacce per il benessere dei minori per gli op. giov., AR<\/a><\/td>\n    <td class=\"hide-smartphone align-middle\"><a href=\"\/documentazione\/details\/documents\/document\/detail\/leitfaden-zu-den-meldepflichten-bei-kindeswohlgefaehrdung-fuer-jugendarbeiterinnen-ar\"><span class=\"list-link-icon\"><\/span><\/a><\/td>\n<\/tr>\n\n    \n        \n\n<tr>\n    <td><a href=\"\/documentazione\/details\/documents\/document\/detail\/guida-je-participe-per-i-comuni-friburghesi\">Guida \u00abJe participe!\u00bb per i Comuni friburghesi<\/a><\/td>\n    <td class=\"hide-smartphone align-middle\"><a href=\"\/documentazione\/details\/documents\/document\/detail\/guida-je-participe-per-i-comuni-friburghesi\"><span class=\"list-link-icon\"><\/span><\/a><\/td>\n<\/tr>\n\n    \n        \n\n<tr>\n    <td><a href=\"\/documentazione\/details\/documents\/document\/detail\/imparare-il-tedesco-prima-dellinizio-della-scuola-dellinfanzia\">Imparare il tedesco prima dell\u2019inizio della scuola dell\u2019infanzia<\/a><\/td>\n    <td class=\"hide-smartphone align-middle\"><a href=\"\/documentazione\/details\/documents\/document\/detail\/imparare-il-tedesco-prima-dellinizio-della-scuola-dellinfanzia\"><span class=\"list-link-icon\"><\/span><\/a><\/td>\n<\/tr>\n\n    \n        \n\n<tr>\n    <td><a href=\"\/documentazione\/details\/documents\/document\/detail\/inchiesta-je-participe-presso-i-bambini-e-i-giovani\">Inchiesta \u00abJe participe!\u00bb presso i bambini e i giovani<\/a><\/td>\n    <td class=\"hide-smartphone align-middle\"><a href=\"\/documentazione\/details\/documents\/document\/detail\/inchiesta-je-participe-presso-i-bambini-e-i-giovani\"><span class=\"list-link-icon\"><\/span><\/a><\/td>\n<\/tr>\n\n    \n        \n\n<tr>\n    <td><a href=\"\/documentazione\/details\/documents\/document\/detail\/kantonales-aktionsprogramm-gesundheitsfoerderung-und-praevention-2022-2025-nw\">Kantonales Aktionsprogramm Gesundheitsf\u00f6rderung und Pr\u00e4vention (2022 \u2013 2025) NW<\/a><\/td>\n    <td class=\"hide-smartphone align-middle\"><a href=\"\/documentazione\/details\/documents\/document\/detail\/kantonales-aktionsprogramm-gesundheitsfoerderung-und-praevention-2022-2025-nw\"><span class=\"list-link-icon\"><\/span><\/a><\/td>\n<\/tr>\n\n    \n        \n\n<tr>\n    <td><a href=\"\/documentazione\/details\/documents\/document\/detail\/linee-direttive-cantonali-per-la-promozione-dellinfanzia-e-della-gioventu-gr\">Kantonales Leitbild zur Kinder \u2013und Jugendpolitik<\/a><\/td>\n    <td class=\"hide-smartphone align-middle\"><a href=\"\/documentazione\/details\/documents\/document\/detail\/linee-direttive-cantonali-per-la-promozione-dellinfanzia-e-della-gioventu-gr\"><span class=\"list-link-icon\"><\/span><\/a><\/td>\n<\/tr>\n\n    \n        \n\n<tr>\n    <td><a href=\"\/documentazione\/details\/documents\/document\/detail\/konzept-fruehe-foerderung-im-kanton-nidwalden-2017-2024\">Konzept fr\u00fche F\u00f6rderung im Kanton Nidwalden (2017 \u2013 2024)<\/a><\/td>\n    <td class=\"hide-smartphone align-middle\"><a href=\"\/documentazione\/details\/documents\/document\/detail\/konzept-fruehe-foerderung-im-kanton-nidwalden-2017-2024\"><span class=\"list-link-icon\"><\/span><\/a><\/td>\n<\/tr>\n\n    \n        \n\n<tr>\n    <td><a href=\"\/documentazione\/details\/documents\/document\/detail\/leitbild-riehen-2016-2030-1\">Leitbild Riehen 2016 - 2030<\/a><\/td>\n    <td class=\"hide-smartphone align-middle\"><a href=\"\/documentazione\/details\/documents\/document\/detail\/leitbild-riehen-2016-2030-1\"><span class=\"list-link-icon\"><\/span><\/a><\/td>\n<\/tr>\n\n    \n        \n\n<tr>\n    <td><a href=\"\/documentazione\/details\/documents\/document\/detail\/lignes-directrices-de-la-politique-cantonale-de-lenfance-et-de-la-jeunesse\">Lignes directrices de la politique cantonale de l&#039;enfance et de la jeunesse<\/a><\/td>\n    <td class=\"hide-smartphone align-middle\"><a href=\"\/documentazione\/details\/documents\/document\/detail\/lignes-directrices-de-la-politique-cantonale-de-lenfance-et-de-la-jeunesse\"><span class=\"list-link-icon\"><\/span><\/a><\/td>\n<\/tr>\n\n    \n        \n\n<tr>\n    <td><a href=\"\/documentazione\/details\/documents\/document\/detail\/linee-direttive-del-comune-di-riehen\">Linee direttive del Comune di Riehen<\/a><\/td>\n    <td class=\"hide-smartphone align-middle\"><a href=\"\/documentazione\/details\/documents\/document\/detail\/linee-direttive-del-comune-di-riehen\"><span class=\"list-link-icon\"><\/span><\/a><\/td>\n<\/tr>\n\n    \n        \n\n<tr>\n    <td><a href=\"\/documentazione\/details\/documents\/document\/detail\/linee-direttive-del-servizio-specializzato-per-linfanzia-e-la-gioventu-lyss-e-dintorni\">Linee direttive del Servizio specializzato per l\u2019infanzia e la giovent\u00f9, Lyss e dintorni<\/a><\/td>\n    <td class=\"hide-smartphone align-middle\"><a href=\"\/documentazione\/details\/documents\/document\/detail\/linee-direttive-del-servizio-specializzato-per-linfanzia-e-la-gioventu-lyss-e-dintorni\"><span class=\"list-link-icon\"><\/span><\/a><\/td>\n<\/tr>\n\n    \n        \n\n<tr>\n    <td><a href=\"\/documentazione\/details\/documents\/document\/detail\/linee-direttive-della-citta-di-san-gallo\">Linee direttive della Citt\u00e0 di San Gallo<\/a><\/td>\n    <td class=\"hide-smartphone align-middle\"><a href=\"\/documentazione\/details\/documents\/document\/detail\/linee-direttive-della-citta-di-san-gallo\"><span class=\"list-link-icon\"><\/span><\/a><\/td>\n<\/tr>\n\n    \n        \n\n<tr>\n    <td><a href=\"\/documentazione\/details\/documents\/document\/detail\/linee-direttive-di-politica-della-gioventu-della-citta-di-waedenswil\">Linee direttive di politica della giovent\u00f9 della Citt\u00e0 di W\u00e4denswil<\/a><\/td>\n    <td class=\"hide-smartphone align-middle\"><a href=\"\/documentazione\/details\/documents\/document\/detail\/linee-direttive-di-politica-della-gioventu-della-citta-di-waedenswil\"><span class=\"list-link-icon\"><\/span><\/a><\/td>\n<\/tr>\n\n    \n        \n\n<tr>\n    <td><a href=\"\/documentazione\/details\/documents\/document\/detail\/linee-direttive-e-piano-per-il-sostegno-alla-prima-infanzia-a-winterthur\">Linee direttive e piano per il sostegno alla prima infanzia a Winterthur<\/a><\/td>\n    <td class=\"hide-smartphone align-middle\"><a href=\"\/documentazione\/details\/documents\/document\/detail\/linee-direttive-e-piano-per-il-sostegno-alla-prima-infanzia-a-winterthur\"><span class=\"list-link-icon\"><\/span><\/a><\/td>\n<\/tr>\n\n    \n        \n\n<tr>\n    <td><a href=\"\/documentazione\/details\/documents\/document\/detail\/jugendleitbild\">Linee direttive per l\u2019infanzia e la giovent\u00f9<\/a><\/td>\n    <td class=\"hide-smartphone align-middle\"><a href=\"\/documentazione\/details\/documents\/document\/detail\/jugendleitbild\"><span class=\"list-link-icon\"><\/span><\/a><\/td>\n<\/tr>\n\n    \n        \n\n<tr>\n    <td><a href=\"\/documentazione\/details\/documents\/document\/detail\/jugendleitbild-1\">Linee direttive per l\u2019infanzia e la giovent\u00f9<\/a><\/td>\n    <td class=\"hide-smartphone align-middle\"><a href=\"\/documentazione\/details\/documents\/document\/detail\/jugendleitbild-1\"><span class=\"list-link-icon\"><\/span><\/a><\/td>\n<\/tr>\n\n    \n        \n\n<tr>\n    <td><a href=\"\/documentazione\/details\/documents\/document\/detail\/linee-direttive-per-linfanzia-e-la-gioventu-del-cantone-di-lucerna\">Linee direttive per l\u2019infanzia e la giovent\u00f9 del Cantone di Lucerna<\/a><\/td>\n    <td class=\"hide-smartphone align-middle\"><a href=\"\/documentazione\/details\/documents\/document\/detail\/linee-direttive-per-linfanzia-e-la-gioventu-del-cantone-di-lucerna\"><span class=\"list-link-icon\"><\/span><\/a><\/td>\n<\/tr>\n\n    \n        \n\n<tr>\n    <td><a href=\"\/documentazione\/details\/documents\/document\/detail\/linee-direttive-per-linfanzia-e-la-gioventu-altdorf\">Linee direttive per l\u2019infanzia e la giovent\u00f9, Altdorf<\/a><\/td>\n    <td class=\"hide-smartphone align-middle\"><a href=\"\/documentazione\/details\/documents\/document\/detail\/linee-direttive-per-linfanzia-e-la-gioventu-altdorf\"><span class=\"list-link-icon\"><\/span><\/a><\/td>\n<\/tr>\n\n    \n        \n\n<tr>\n    <td><a href=\"\/documentazione\/details\/documents\/document\/detail\/linee-direttive-per-linfanzia-e-la-gioventu-cantone-di-svitto\">Linee direttive per l\u2019infanzia e la giovent\u00f9, Cantone di Svitto<\/a><\/td>\n    <td class=\"hide-smartphone align-middle\"><a href=\"\/documentazione\/details\/documents\/document\/detail\/linee-direttive-per-linfanzia-e-la-gioventu-cantone-di-svitto\"><span class=\"list-link-icon\"><\/span><\/a><\/td>\n<\/tr>\n\n    \n        \n\n<tr>\n    <td><a href=\"\/documentazione\/details\/documents\/document\/detail\/linee-direttive-sulla-famiglia-e-sulle-generazioni-cantone-di-soletta\">Linee direttive sulla famiglia e sulle generazioni, Cantone di Soletta<\/a><\/td>\n    <td class=\"hide-smartphone align-middle\"><a href=\"\/documentazione\/details\/documents\/document\/detail\/linee-direttive-sulla-famiglia-e-sulle-generazioni-cantone-di-soletta\"><span class=\"list-link-icon\"><\/span><\/a><\/td>\n<\/tr>\n\n    \n        \n\n<tr>\n    <td><a href=\"\/documentazione\/details\/documents\/document\/detail\/linee-direttive-sulla-famiglia-cantone-di-appenzello-esterno\">Linee direttive sulla famiglia, Cantone di Appenzello esterno<\/a><\/td>\n    <td class=\"hide-smartphone align-middle\"><a href=\"\/documentazione\/details\/documents\/document\/detail\/linee-direttive-sulla-famiglia-cantone-di-appenzello-esterno\"><span class=\"list-link-icon\"><\/span><\/a><\/td>\n<\/tr>\n\n    \n        \n\n<tr>\n    <td><a href=\"\/documentazione\/details\/documents\/document\/detail\/linee-direttive-wauwil-2013\">Linee direttive Wauwil 2013<\/a><\/td>\n    <td class=\"hide-smartphone align-middle\"><a href=\"\/documentazione\/details\/documents\/document\/detail\/linee-direttive-wauwil-2013\"><span class=\"list-link-icon\"><\/span><\/a><\/td>\n<\/tr>\n\n    \n        \n\n<tr>\n    <td><a href=\"\/documentazione\/details\/documents\/document\/detail\/linee-guida-della-politica-in-materia-di-promozione-dellinfanzia-e-della-gioventu-della-c-di-baden\">Linee guida della politica in materia di promozione dell\u2019infanzia e della giovent\u00f9 della C. di Baden<\/a><\/td>\n    <td class=\"hide-smartphone align-middle\"><a href=\"\/documentazione\/details\/documents\/document\/detail\/linee-guida-della-politica-in-materia-di-promozione-dellinfanzia-e-della-gioventu-della-c-di-baden\"><span class=\"list-link-icon\"><\/span><\/a><\/td>\n<\/tr>\n\n    \n        \n\n<tr>\n    <td><a href=\"\/documentazione\/details\/documents\/document\/detail\/loi-sur-loffice-de-lenfance-et-de-la-jeunesse-lej\">Loi sur l\u2019office de l\u2019enfance et de la jeunesse LEJ<\/a><\/td>\n    <td class=\"hide-smartphone align-middle\"><a href=\"\/documentazione\/details\/documents\/document\/detail\/loi-sur-loffice-de-lenfance-et-de-la-jeunesse-lej\"><span class=\"list-link-icon\"><\/span><\/a><\/td>\n<\/tr>\n\n    \n        \n\n<tr>\n    <td><a href=\"\/documentazione\/details\/documents\/document\/detail\/mendrisio-citta-delle-bambine-e-dei-bambini-1\">Mendrisio, Citt\u00e0 delle bambine e dei bambini<\/a><\/td>\n    <td class=\"hide-smartphone align-middle\"><a href=\"\/documentazione\/details\/documents\/document\/detail\/mendrisio-citta-delle-bambine-e-dei-bambini-1\"><span class=\"list-link-icon\"><\/span><\/a><\/td>\n<\/tr>\n\n    \n        \n\n<tr>\n    <td><a href=\"\/documentazione\/details\/documents\/document\/detail\/mendrisio-comune-in-salute\">Mendrisio, Comune in salute<\/a><\/td>\n    <td class=\"hide-smartphone align-middle\"><a href=\"\/documentazione\/details\/documents\/document\/detail\/mendrisio-comune-in-salute\"><span class=\"list-link-icon\"><\/span><\/a><\/td>\n<\/tr>\n\n    \n        \n\n<tr>\n    <td><a href=\"\/documentazione\/details\/documents\/document\/detail\/monitoring-kinder-und-jugendpolitik-vertiefende-analyse-freiwilliger-kinder-und-jugendschutz-202\">Monitoraggio della politica dell&#039;infanzia e della giovent\u00f9 \/ analisi di approfondimento 2023<\/a><\/td>\n    <td class=\"hide-smartphone align-middle\"><a href=\"\/documentazione\/details\/documents\/document\/detail\/monitoring-kinder-und-jugendpolitik-vertiefende-analyse-freiwilliger-kinder-und-jugendschutz-202\"><span class=\"list-link-icon\"><\/span><\/a><\/td>\n<\/tr>\n\n    \n        \n\n<tr>\n    <td><a href=\"\/documentazione\/details\/documents\/document\/detail\/monitoring-kinder-und-jugendpolitik-vertiefende-analyse-kinder-und-jugendpartizipation\">Monitoraggio della politica dell\u2019infanzia e della giovent\u00f9 \/ analisi di approfondimento 2020<\/a><\/td>\n    <td class=\"hide-smartphone align-middle\"><a href=\"\/documentazione\/details\/documents\/document\/detail\/monitoring-kinder-und-jugendpolitik-vertiefende-analyse-kinder-und-jugendpartizipation\"><span class=\"list-link-icon\"><\/span><\/a><\/td>\n<\/tr>\n\n    \n        \n\n<tr>\n    <td><a href=\"\/documentazione\/details\/documents\/document\/detail\/movimento-e-alimentazione-cantone-di-zurigo\">Movimento e alimentazione, Cantone di Zurigo<\/a><\/td>\n    <td class=\"hide-smartphone align-middle\"><a href=\"\/documentazione\/details\/documents\/document\/detail\/movimento-e-alimentazione-cantone-di-zurigo\"><span class=\"list-link-icon\"><\/span><\/a><\/td>\n<\/tr>\n\n    \n        \n\n<tr>\n    <td><a href=\"\/documentazione\/details\/documents\/document\/detail\/norme-e-raccomandazioni-cantonali-sulle-strutture-di-custodia-dei-bambini-cantone-di-friburgo\">Norme e raccomandazioni cantonali sulle strutture di custodia dei bambini, Cantone di Friburgo<\/a><\/td>\n    <td class=\"hide-smartphone align-middle\"><a href=\"\/documentazione\/details\/documents\/document\/detail\/norme-e-raccomandazioni-cantonali-sulle-strutture-di-custodia-dei-bambini-cantone-di-friburgo\"><span class=\"list-link-icon\"><\/span><\/a><\/td>\n<\/tr>\n\n    \n        \n\n<tr>\n    <td><a href=\"\/documentazione\/details\/documents\/document\/detail\/norme-transitorie-per-la-mensa-scolastica-e-doposcuola-per-la-scuola-elementare-e-dellinfanzia\">Norme transitorie per la mensa scolastica e doposcuola per la scuola elementare e dell\u2019infanzia<\/a><\/td>\n    <td class=\"hide-smartphone align-middle\"><a href=\"\/documentazione\/details\/documents\/document\/detail\/norme-transitorie-per-la-mensa-scolastica-e-doposcuola-per-la-scuola-elementare-e-dellinfanzia\"><span class=\"list-link-icon\"><\/span><\/a><\/td>\n<\/tr>\n\n    \n        \n\n<tr>\n    <td><a href=\"\/documentazione\/details\/documents\/document\/detail\/nuovo-mandato-di-prestazioni-affidato-ai-centri-medico-sociali-regionali-del-cantone-del-vallese\">Nuovo mandato di prestazioni affidato ai centri medico-sociali regionali del Cantone del Vallese<\/a><\/td>\n    <td class=\"hide-smartphone align-middle\"><a href=\"\/documentazione\/details\/documents\/document\/detail\/nuovo-mandato-di-prestazioni-affidato-ai-centri-medico-sociali-regionali-del-cantone-del-vallese\"><span class=\"list-link-icon\"><\/span><\/a><\/td>\n<\/tr>\n\n    \n        \n\n<tr>\n    <td><a href=\"\/documentazione\/details\/documents\/document\/detail\/obiettivi-della-commissione-per-le-questioni-della-gioventu-politica-della-gioventu-bs\">Obiettivi della Commissione per le questioni della giovent\u00f9: politica della giovent\u00f9, BS<\/a><\/td>\n    <td class=\"hide-smartphone align-middle\"><a href=\"\/documentazione\/details\/documents\/document\/detail\/obiettivi-della-commissione-per-le-questioni-della-gioventu-politica-della-gioventu-bs\"><span class=\"list-link-icon\"><\/span><\/a><\/td>\n<\/tr>\n\n    \n        \n\n<tr>\n    <td><a href=\"\/documentazione\/details\/documents\/document\/detail\/obiettivi-di-politica-familiare-del-comune-di-riehen\">Obiettivi di politica familiare del Comune di Riehen<\/a><\/td>\n    <td class=\"hide-smartphone align-middle\"><a href=\"\/documentazione\/details\/documents\/document\/detail\/obiettivi-di-politica-familiare-del-comune-di-riehen\"><span class=\"list-link-icon\"><\/span><\/a><\/td>\n<\/tr>\n\n    \n        \n\n<tr>\n    <td><a href=\"\/documentazione\/details\/documents\/document\/detail\/opuscolo-sul-riconoscimento-precoce-di-situazioni-a-rischio-nellambito-della-prima-infanzia-be\">Opuscolo sul riconoscimento precoce di situazioni a rischio nell\u2019ambito della prima infanzia, BE<\/a><\/td>\n    <td class=\"hide-smartphone align-middle\"><a href=\"\/documentazione\/details\/documents\/document\/detail\/opuscolo-sul-riconoscimento-precoce-di-situazioni-a-rischio-nellambito-della-prima-infanzia-be\"><span class=\"list-link-icon\"><\/span><\/a><\/td>\n<\/tr>\n\n    \n        \n\n<tr>\n    <td><a href=\"\/documentazione\/details\/documents\/document\/detail\/opuscolo-frueherkennung-von-kindeswohlgefaehrdung-in-den-volksschulen-des-kantons-bern-be\">Opuscolo \u00abFr\u00fcherkennung von Kindeswohlgef\u00e4hrdung in den Volksschulen des Kantons Bern\u00bb, BE<\/a><\/td>\n    <td class=\"hide-smartphone align-middle\"><a href=\"\/documentazione\/details\/documents\/document\/detail\/opuscolo-frueherkennung-von-kindeswohlgefaehrdung-in-den-volksschulen-des-kantons-bern-be\"><span class=\"list-link-icon\"><\/span><\/a><\/td>\n<\/tr>\n\n    \n        \n\n<tr>\n    <td><a href=\"\/documentazione\/details\/documents\/document\/detail\/organo-di-coordinamento-sostegno-alla-prima-infanzia-ag\">Organo di coordinamento della prima infanzia, AG<\/a><\/td>\n    <td class=\"hide-smartphone align-middle\"><a href=\"\/documentazione\/details\/documents\/document\/detail\/organo-di-coordinamento-sostegno-alla-prima-infanzia-ag\"><span class=\"list-link-icon\"><\/span><\/a><\/td>\n<\/tr>\n\n    \n        \n\n<tr>\n    <td><a href=\"\/documentazione\/details\/documents\/document\/detail\/per-unaccoglienza-di-qualita-ad-uso-delle-strutture-della-prima-infanzia\">Per un\u2019accoglienza di qualit\u00e0 ad uso delle strutture della prima infanzia<\/a><\/td>\n    <td class=\"hide-smartphone align-middle\"><a href=\"\/documentazione\/details\/documents\/document\/detail\/per-unaccoglienza-di-qualita-ad-uso-delle-strutture-della-prima-infanzia\"><span class=\"list-link-icon\"><\/span><\/a><\/td>\n<\/tr>\n\n    \n        \n\n<tr>\n    <td><a href=\"\/documentazione\/details\/documents\/document\/detail\/konzept-und-aktionsplan-fruehe-kindheit-in-appenzell-ausserrhoden\">Piano concettuale e d\u2019azione per la prima infanzia nel Cantone di Appenzello esterno<\/a><\/td>\n    <td class=\"hide-smartphone align-middle\"><a href=\"\/documentazione\/details\/documents\/document\/detail\/konzept-und-aktionsplan-fruehe-kindheit-in-appenzell-ausserrhoden\"><span class=\"list-link-icon\"><\/span><\/a><\/td>\n<\/tr>\n\n    \n        \n\n<tr>\n    <td><a href=\"\/documentazione\/details\/documents\/document\/detail\/piano-dazione-je-participe-2018-2021\">Piano d&#039;azione \u00abJe participe!\u00bb 2023\u20132026<\/a><\/td>\n    <td class=\"hide-smartphone align-middle\"><a href=\"\/documentazione\/details\/documents\/document\/detail\/piano-dazione-je-participe-2018-2021\"><span class=\"list-link-icon\"><\/span><\/a><\/td>\n<\/tr>\n\n    \n        \n\n<tr>\n    <td><a href=\"\/documentazione\/details\/documents\/document\/detail\/piano-del-delegato-per-linfanzia-e-la-gioventu-di-blauen\">Piano del delegato per l\u2019infanzia e la giovent\u00f9 di Blauen<\/a><\/td>\n    <td class=\"hide-smartphone align-middle\"><a href=\"\/documentazione\/details\/documents\/document\/detail\/piano-del-delegato-per-linfanzia-e-la-gioventu-di-blauen\"><span class=\"list-link-icon\"><\/span><\/a><\/td>\n<\/tr>\n\n    \n        \n\n<tr>\n    <td><a href=\"\/documentazione\/details\/documents\/document\/detail\/piano-del-parlamento-dei-giovani-blauen\">Piano del Parlamento dei giovani, Blauen<\/a><\/td>\n    <td class=\"hide-smartphone align-middle\"><a href=\"\/documentazione\/details\/documents\/document\/detail\/piano-del-parlamento-dei-giovani-blauen\"><span class=\"list-link-icon\"><\/span><\/a><\/td>\n<\/tr>\n\n    \n        \n\n<tr>\n    <td><a href=\"\/documentazione\/details\/documents\/document\/detail\/piano-delle-attivita-giovanili-della-citta-di-waedenswil\">Piano delle attivit\u00e0 giovanili della Citt\u00e0 di W\u00e4denswil<\/a><\/td>\n    <td class=\"hide-smartphone align-middle\"><a href=\"\/documentazione\/details\/documents\/document\/detail\/piano-delle-attivita-giovanili-della-citta-di-waedenswil\"><span class=\"list-link-icon\"><\/span><\/a><\/td>\n<\/tr>\n\n    \n        \n\n<tr>\n    <td><a href=\"\/documentazione\/details\/documents\/document\/detail\/piano-di-base-nellambito-delle-attivita-giovanili\">Piano di base nell\u2019ambito delle attivit\u00e0 giovanili<\/a><\/td>\n    <td class=\"hide-smartphone align-middle\"><a href=\"\/documentazione\/details\/documents\/document\/detail\/piano-di-base-nellambito-delle-attivita-giovanili\"><span class=\"list-link-icon\"><\/span><\/a><\/td>\n<\/tr>\n\n    \n        \n\n<tr>\n    <td><a href=\"\/documentazione\/details\/documents\/document\/detail\/piano-di-misure-per-il-miglioramento-della-vita-familiare-nella-citta-di-berna\">Piano di misure per il miglioramento della vita familiare nella Citt\u00e0 di Berna<\/a><\/td>\n    <td class=\"hide-smartphone align-middle\"><a href=\"\/documentazione\/details\/documents\/document\/detail\/piano-di-misure-per-il-miglioramento-della-vita-familiare-nella-citta-di-berna\"><span class=\"list-link-icon\"><\/span><\/a><\/td>\n<\/tr>\n\n    \n        \n\n<tr>\n    <td><a href=\"\/documentazione\/details\/documents\/document\/detail\/piano-dazione-candidatura-a-comune-amico-dei-bambini-unicef-teufen\">Piano d\u2019azione candidatura a \u00abComune amico dei bambini\u00bb UNICEF, Teufen<\/a><\/td>\n    <td class=\"hide-smartphone align-middle\"><a href=\"\/documentazione\/details\/documents\/document\/detail\/piano-dazione-candidatura-a-comune-amico-dei-bambini-unicef-teufen\"><span class=\"list-link-icon\"><\/span><\/a><\/td>\n<\/tr>\n\n    \n        \n\n<tr>\n    <td><a href=\"\/documentazione\/details\/documents\/document\/detail\/piano-dazione-e-di-misure-2014-2018-blauen\">Piano d\u2019azione e di misure 2014\u20132018, Blauen<\/a><\/td>\n    <td class=\"hide-smartphone align-middle\"><a href=\"\/documentazione\/details\/documents\/document\/detail\/piano-dazione-e-di-misure-2014-2018-blauen\"><span class=\"list-link-icon\"><\/span><\/a><\/td>\n<\/tr>\n\n    \n        \n\n<tr>\n    <td><a href=\"\/documentazione\/details\/documents\/document\/detail\/piano-dazione-per-una-citta-amica-dei-bambini-berna\">Piano d\u2019azione per una Citt\u00e0 amica dei bambini, Berna<\/a><\/td>\n    <td class=\"hide-smartphone align-middle\"><a href=\"\/documentazione\/details\/documents\/document\/detail\/piano-dazione-per-una-citta-amica-dei-bambini-berna\"><span class=\"list-link-icon\"><\/span><\/a><\/td>\n<\/tr>\n\n    \n        \n\n<tr>\n    <td><a href=\"\/documentazione\/details\/documents\/document\/detail\/piano-per-il-sostegno-alla-prima-infanzia-grabs\">Piano per il sostegno alla prima infanzia, Grabs<\/a><\/td>\n    <td class=\"hide-smartphone align-middle\"><a href=\"\/documentazione\/details\/documents\/document\/detail\/piano-per-il-sostegno-alla-prima-infanzia-grabs\"><span class=\"list-link-icon\"><\/span><\/a><\/td>\n<\/tr>\n\n    \n        \n\n<tr>\n    <td><a href=\"\/documentazione\/details\/documents\/document\/detail\/piano-per-la-gioventu-o-commissione-della-gioventu-beringen\">Piano per la giovent\u00f9 o Commissione della giovent\u00f9, Beringen<\/a><\/td>\n    <td class=\"hide-smartphone align-middle\"><a href=\"\/documentazione\/details\/documents\/document\/detail\/piano-per-la-gioventu-o-commissione-della-gioventu-beringen\"><span class=\"list-link-icon\"><\/span><\/a><\/td>\n<\/tr>\n\n    \n        \n\n<tr>\n    <td><a href=\"\/documentazione\/details\/documents\/document\/detail\/piano-per-la-politica-dintegrazione-della-citta-di-baden\">Piano per la politica d\u2019integrazione della Citt\u00e0 di Baden<\/a><\/td>\n    <td class=\"hide-smartphone align-middle\"><a href=\"\/documentazione\/details\/documents\/document\/detail\/piano-per-la-politica-dintegrazione-della-citta-di-baden\"><span class=\"list-link-icon\"><\/span><\/a><\/td>\n<\/tr>\n\n    \n        \n\n<tr>\n    <td><a href=\"\/documentazione\/details\/documents\/document\/detail\/piano-per-le-attivita-giovanili-aperte-a-tutti\">Piano per le attivit\u00e0 giovanili aperte a tutti<\/a><\/td>\n    <td class=\"hide-smartphone align-middle\"><a href=\"\/documentazione\/details\/documents\/document\/detail\/piano-per-le-attivita-giovanili-aperte-a-tutti\"><span class=\"list-link-icon\"><\/span><\/a><\/td>\n<\/tr>\n\n    \n        \n\n<tr>\n    <td><a href=\"\/documentazione\/details\/documents\/document\/detail\/piano-per-laccompagnamento-di-bambini-e-giovani-grabs\">Piano per l\u2019accompagnamento di bambini e giovani, Grabs<\/a><\/td>\n    <td class=\"hide-smartphone align-middle\"><a href=\"\/documentazione\/details\/documents\/document\/detail\/piano-per-laccompagnamento-di-bambini-e-giovani-grabs\"><span class=\"list-link-icon\"><\/span><\/a><\/td>\n<\/tr>\n\n    \n        \n\n<tr>\n    <td><a href=\"\/documentazione\/details\/documents\/document\/detail\/piano-per-una-citta-a-misura-di-bambino-berna\">Piano per una Citt\u00e0 a misura di bambino, Berna<\/a><\/td>\n    <td class=\"hide-smartphone align-middle\"><a href=\"\/documentazione\/details\/documents\/document\/detail\/piano-per-una-citta-a-misura-di-bambino-berna\"><span class=\"list-link-icon\"><\/span><\/a><\/td>\n<\/tr>\n\n    \n        \n\n<tr>\n    <td><a href=\"\/documentazione\/details\/documents\/document\/detail\/piano-programmatico-per-il-sostegno-alla-prima-infanzia-cantone-di-lucerna\">Piano programmatico per il sostegno alla prima infanzia, Cantone di Lucerna<\/a><\/td>\n    <td class=\"hide-smartphone align-middle\"><a href=\"\/documentazione\/details\/documents\/document\/detail\/piano-programmatico-per-il-sostegno-alla-prima-infanzia-cantone-di-lucerna\"><span class=\"list-link-icon\"><\/span><\/a><\/td>\n<\/tr>\n\n    \n        \n\n<tr>\n    <td><a href=\"\/documentazione\/details\/documents\/document\/detail\/piano-programmatico-per-laiuto-allinfanzia-e-alla-gioventu-cantone-di-basilea-campagna\">Piano programmatico per l\u2019aiuto all\u2019infanzia e alla giovent\u00f9, Cantone di Basilea Campagna<\/a><\/td>\n    <td class=\"hide-smartphone align-middle\"><a href=\"\/documentazione\/details\/documents\/document\/detail\/piano-programmatico-per-laiuto-allinfanzia-e-alla-gioventu-cantone-di-basilea-campagna\"><span class=\"list-link-icon\"><\/span><\/a><\/td>\n<\/tr>\n\n    \n        \n\n<tr>\n    <td><a href=\"\/documentazione\/details\/documents\/document\/detail\/piano-programmatico-promozione-della-salute-e-prevenzione-nellinfanzia-e-nella-gioventu-sz\">Piano programmatico promozione della salute e prevenzione nell\u2019infanzia e nella giovent\u00f9, SZ<\/a><\/td>\n    <td class=\"hide-smartphone align-middle\"><a href=\"\/documentazione\/details\/documents\/document\/detail\/piano-programmatico-promozione-della-salute-e-prevenzione-nellinfanzia-e-nella-gioventu-sz\"><span class=\"list-link-icon\"><\/span><\/a><\/td>\n<\/tr>\n\n    \n        \n\n<tr>\n    <td><a href=\"\/documentazione\/details\/documents\/document\/detail\/piattaforma-familienhandbuch-nordwestschweiz\">Piattaforma Familienhandbuch Nordwestschweiz<\/a><\/td>\n    <td class=\"hide-smartphone align-middle\"><a href=\"\/documentazione\/details\/documents\/document\/detail\/piattaforma-familienhandbuch-nordwestschweiz\"><span class=\"list-link-icon\"><\/span><\/a><\/td>\n<\/tr>\n\n    \n        \n\n<tr>\n    <td><a href=\"\/documentazione\/details\/documents\/document\/detail\/politica-della-gioventu-renens\">Politica della giovent\u00f9, Renens<\/a><\/td>\n    <td class=\"hide-smartphone align-middle\"><a href=\"\/documentazione\/details\/documents\/document\/detail\/politica-della-gioventu-renens\"><span class=\"list-link-icon\"><\/span><\/a><\/td>\n<\/tr>\n\n    \n        \n\n<tr>\n    <td><a href=\"\/documentazione\/details\/documents\/document\/detail\/situationsanalyse-in-der-kinder-und-jugendpolitik\">Politica dell\u2019infanzia e della giovent\u00f9: analisi della situazione<\/a><\/td>\n    <td class=\"hide-smartphone align-middle\"><a href=\"\/documentazione\/details\/documents\/document\/detail\/situationsanalyse-in-der-kinder-und-jugendpolitik\"><span class=\"list-link-icon\"><\/span><\/a><\/td>\n<\/tr>\n\n    \n        \n\n<tr>\n    <td><a href=\"\/documentazione\/details\/documents\/document\/detail\/preavviso-n-106-2011-politica-della-gioventu-renens\">Preavviso N\u00b0 106-2011 \u2013 Politica della giovent\u00f9, Renens<\/a><\/td>\n    <td class=\"hide-smartphone align-middle\"><a href=\"\/documentazione\/details\/documents\/document\/detail\/preavviso-n-106-2011-politica-della-gioventu-renens\"><span class=\"list-link-icon\"><\/span><\/a><\/td>\n<\/tr>\n\n    \n        \n\n<tr>\n    <td><a href=\"\/documentazione\/details\/documents\/document\/detail\/preparazione-dei-pasti-nelle-strutture-di-custodia-complementare-alla-famiglia-della-citta-di-berna\">Preparazione dei pasti nelle strutture di custodia complementare alla famiglia della Citt\u00e0 di Berna<\/a><\/td>\n    <td class=\"hide-smartphone align-middle\"><a href=\"\/documentazione\/details\/documents\/document\/detail\/preparazione-dei-pasti-nelle-strutture-di-custodia-complementare-alla-famiglia-della-citta-di-berna\"><span class=\"list-link-icon\"><\/span><\/a><\/td>\n<\/tr>\n\n    \n        \n\n<tr>\n    <td><a href=\"\/documentazione\/details\/documents\/document\/detail\/prestazioni-in-caso-di-particolare-bisogno-di-promozione-o-protezione-be\">Prestazioni in caso di particolare bisogno di promozione o protezione, BE<\/a><\/td>\n    <td class=\"hide-smartphone align-middle\"><a href=\"\/documentazione\/details\/documents\/document\/detail\/prestazioni-in-caso-di-particolare-bisogno-di-promozione-o-protezione-be\"><span class=\"list-link-icon\"><\/span><\/a><\/td>\n<\/tr>\n\n    \n        \n\n<tr>\n    <td><a href=\"\/documentazione\/details\/documents\/document\/detail\/principi-guida-e-principi-centrali-grabs\">Principi guida e principi centrali, Grabs<\/a><\/td>\n    <td class=\"hide-smartphone align-middle\"><a href=\"\/documentazione\/details\/documents\/document\/detail\/principi-guida-e-principi-centrali-grabs\"><span class=\"list-link-icon\"><\/span><\/a><\/td>\n<\/tr>\n\n    \n        \n\n<tr>\n    <td><a href=\"\/documentazione\/details\/documents\/document\/detail\/programma-alimentazione-equilibrata-e-movimento-ti\">Programma alimentazione equilibrata e movimento, TI<\/a><\/td>\n    <td class=\"hide-smartphone align-middle\"><a href=\"\/documentazione\/details\/documents\/document\/detail\/programma-alimentazione-equilibrata-e-movimento-ti\"><span class=\"list-link-icon\"><\/span><\/a><\/td>\n<\/tr>\n\n    \n        \n\n<tr>\n    <td><a href=\"\/documentazione\/details\/documents\/document\/detail\/programma-per-lo-sviluppo-della-politica-dellinfanzia-e-della-gioventu\">Programma art. 26 per lo sviluppo della politica dell\u2019infanzia e della giovent\u00f9<\/a><\/td>\n    <td class=\"hide-smartphone align-middle\"><a href=\"\/documentazione\/details\/documents\/document\/detail\/programma-per-lo-sviluppo-della-politica-dellinfanzia-e-della-gioventu\"><span class=\"list-link-icon\"><\/span><\/a><\/td>\n<\/tr>\n\n    \n        \n\n<tr>\n    <td><a href=\"\/documentazione\/details\/documents\/document\/detail\/programma-cantonale-di-promozione-delle-relazioni-sane-e-di-prevenzione-degli-abusi-sessuali\">Programma cantonale di promozione delle relazioni sane e di prevenzione degli abusi sessuali<\/a><\/td>\n    <td class=\"hide-smartphone align-middle\"><a href=\"\/documentazione\/details\/documents\/document\/detail\/programma-cantonale-di-promozione-delle-relazioni-sane-e-di-prevenzione-degli-abusi-sessuali\"><span class=\"list-link-icon\"><\/span><\/a><\/td>\n<\/tr>\n\n    \n        \n\n<tr>\n    <td><a href=\"\/documentazione\/details\/documents\/document\/detail\/programma-cantonale-dintegrazione-cantone-di-lucerna\">Programma cantonale d\u2019integrazione, Cantone di Lucerna<\/a><\/td>\n    <td class=\"hide-smartphone align-middle\"><a href=\"\/documentazione\/details\/documents\/document\/detail\/programma-cantonale-dintegrazione-cantone-di-lucerna\"><span class=\"list-link-icon\"><\/span><\/a><\/td>\n<\/tr>\n\n    \n        \n\n<tr>\n    <td><a href=\"\/documentazione\/details\/documents\/document\/detail\/programma-cantonale-dintegrazione-cantone-di-nidvaldo\">Programma cantonale d\u2019integrazione, Cantone di Nidvaldo<\/a><\/td>\n    <td class=\"hide-smartphone align-middle\"><a href=\"\/documentazione\/details\/documents\/document\/detail\/programma-cantonale-dintegrazione-cantone-di-nidvaldo\"><span class=\"list-link-icon\"><\/span><\/a><\/td>\n<\/tr>\n\n    \n        \n\n<tr>\n    <td><a href=\"\/documentazione\/details\/documents\/document\/detail\/programma-cantonale-dintegrazione-cantone-di-svitto\">Programma cantonale d\u2019integrazione, Cantone di Svitto<\/a><\/td>\n    <td class=\"hide-smartphone align-middle\"><a href=\"\/documentazione\/details\/documents\/document\/detail\/programma-cantonale-dintegrazione-cantone-di-svitto\"><span class=\"list-link-icon\"><\/span><\/a><\/td>\n<\/tr>\n\n    \n        \n\n<tr>\n    <td><a href=\"\/documentazione\/details\/documents\/document\/detail\/programma-cantonale-dintegrazione-cantone-di-zugo\">Programma cantonale d\u2019integrazione, Cantone di Zugo<\/a><\/td>\n    <td class=\"hide-smartphone align-middle\"><a href=\"\/documentazione\/details\/documents\/document\/detail\/programma-cantonale-dintegrazione-cantone-di-zugo\"><span class=\"list-link-icon\"><\/span><\/a><\/td>\n<\/tr>\n\n    \n        \n\n<tr>\n    <td><a href=\"\/documentazione\/details\/documents\/document\/detail\/programma-prioritario-gesundes-koerpergewicht-cantone-di-argovia\">Programma cantonale per la prevenzione e la promozione della salute<\/a><\/td>\n    <td class=\"hide-smartphone align-middle\"><a href=\"\/documentazione\/details\/documents\/document\/detail\/programma-prioritario-gesundes-koerpergewicht-cantone-di-argovia\"><span class=\"list-link-icon\"><\/span><\/a><\/td>\n<\/tr>\n\n    \n        \n\n<tr>\n    <td><a href=\"\/documentazione\/details\/documents\/document\/detail\/programma-dazione-cantonale-concernente-lalimentazione-lattivita-fisica-e-la-salute-psichica-be\">Programma d\u2019azione cantonale concernente l\u2019alimentazione, l\u2019attivit\u00e0 fisica e la salute psichica, BE<\/a><\/td>\n    <td class=\"hide-smartphone align-middle\"><a href=\"\/documentazione\/details\/documents\/document\/detail\/programma-dazione-cantonale-concernente-lalimentazione-lattivita-fisica-e-la-salute-psichica-be\"><span class=\"list-link-icon\"><\/span><\/a><\/td>\n<\/tr>\n\n    \n        \n\n<tr>\n    <td><a href=\"\/documentazione\/details\/documents\/document\/detail\/programma-nellambito-di-grigioni-in-movimento\">Programmi della Sezione Promozione della salute e prevenzione, GR<\/a><\/td>\n    <td class=\"hide-smartphone align-middle\"><a href=\"\/documentazione\/details\/documents\/document\/detail\/programma-nellambito-di-grigioni-in-movimento\"><span class=\"list-link-icon\"><\/span><\/a><\/td>\n<\/tr>\n\n    \n        \n\n<tr>\n    <td><a href=\"\/documentazione\/details\/documents\/document\/detail\/kindesschutzradar\">Radar per la protezione dell\u2019infanzia<\/a><\/td>\n    <td class=\"hide-smartphone align-middle\"><a href=\"\/documentazione\/details\/documents\/document\/detail\/kindesschutzradar\"><span class=\"list-link-icon\"><\/span><\/a><\/td>\n<\/tr>\n\n    \n        \n\n<tr>\n    <td><a href=\"\/documentazione\/details\/documents\/document\/detail\/rahmenkonzept-fruehe-kindheit\">Rahmenkonzept Fr\u00fche Kindheit, Glarona<\/a><\/td>\n    <td class=\"hide-smartphone align-middle\"><a href=\"\/documentazione\/details\/documents\/document\/detail\/rahmenkonzept-fruehe-kindheit\"><span class=\"list-link-icon\"><\/span><\/a><\/td>\n<\/tr>\n\n    \n        \n\n<tr>\n    <td><a href=\"\/documentazione\/details\/documents\/document\/detail\/rapporti-di-ricerca-del-programma-giovani-e-media\">Rapporti di ricerca del programma Giovani e media<\/a><\/td>\n    <td class=\"hide-smartphone align-middle\"><a href=\"\/documentazione\/details\/documents\/document\/detail\/rapporti-di-ricerca-del-programma-giovani-e-media\"><span class=\"list-link-icon\"><\/span><\/a><\/td>\n<\/tr>\n\n    \n        \n\n<tr>\n    <td><a href=\"\/documentazione\/details\/documents\/document\/detail\/rapporto-del-consiglio-giovani-e-media\">Rapporto del Consiglio - Giovani e media<\/a><\/td>\n    <td class=\"hide-smartphone align-middle\"><a href=\"\/documentazione\/details\/documents\/document\/detail\/rapporto-del-consiglio-giovani-e-media\"><span class=\"list-link-icon\"><\/span><\/a><\/td>\n<\/tr>\n\n    \n        \n\n<tr>\n    <td><a href=\"\/documentazione\/details\/documents\/document\/detail\/rapporto-di-base-sullefficacia-della-politica-familiare-nel-cantone-di-glarona\">Rapporto di base sull\u2019efficacia della politica familiare nel Cantone di Glarona<\/a><\/td>\n    <td class=\"hide-smartphone align-middle\"><a href=\"\/documentazione\/details\/documents\/document\/detail\/rapporto-di-base-sullefficacia-della-politica-familiare-nel-cantone-di-glarona\"><span class=\"list-link-icon\"><\/span><\/a><\/td>\n<\/tr>\n\n    \n        \n\n<tr>\n    <td><a href=\"\/documentazione\/details\/documents\/document\/detail\/rapporto-sulla-custodia-alternata\">Rapporto sulla custodia alternata<\/a><\/td>\n    <td class=\"hide-smartphone align-middle\"><a href=\"\/documentazione\/details\/documents\/document\/detail\/rapporto-sulla-custodia-alternata\"><span class=\"list-link-icon\"><\/span><\/a><\/td>\n<\/tr>\n\n    \n        \n\n<tr>\n    <td><a href=\"\/documentazione\/details\/documents\/document\/detail\/bericht-offene-kinder-und-jugendarbeit-im-kanton-thurgau\">Rapporto sulle attivit\u00e0 aperte a tutti i bambini e i giovani nel Cantone di Turgovia<\/a><\/td>\n    <td class=\"hide-smartphone align-middle\"><a href=\"\/documentazione\/details\/documents\/document\/detail\/bericht-offene-kinder-und-jugendarbeit-im-kanton-thurgau\"><span class=\"list-link-icon\"><\/span><\/a><\/td>\n<\/tr>\n\n    \n        \n\n<tr>\n    <td><a href=\"\/documentazione\/details\/documents\/document\/detail\/reglement-dapplication-de-la-loi-sur-lenfance-et-la-jeunesse\">R\u00e8glement d&#039;application de la loi sur l&#039;enfance et la jeunesse<\/a><\/td>\n    <td class=\"hide-smartphone align-middle\"><a href=\"\/documentazione\/details\/documents\/document\/detail\/reglement-dapplication-de-la-loi-sur-lenfance-et-la-jeunesse\"><span class=\"list-link-icon\"><\/span><\/a><\/td>\n<\/tr>\n\n    \n        \n\n<tr>\n    <td><a href=\"\/documentazione\/details\/documents\/document\/detail\/regolamento-comunale-per-servizi-extrascolastici-lugano\">Regolamento comunale per servizi extrascolastici, Lugano<\/a><\/td>\n    <td class=\"hide-smartphone align-middle\"><a href=\"\/documentazione\/details\/documents\/document\/detail\/regolamento-comunale-per-servizi-extrascolastici-lugano\"><span class=\"list-link-icon\"><\/span><\/a><\/td>\n<\/tr>\n\n    \n        \n\n<tr>\n    <td><a href=\"\/documentazione\/details\/documents\/document\/detail\/regolamento-concernente-la-custodia-in-eta-prescolastica-la-chaux-de-fonds\">Regolamento concernente la custodia in et\u00e0 prescolastica, La Chaux-de-Fonds<\/a><\/td>\n    <td class=\"hide-smartphone align-middle\"><a href=\"\/documentazione\/details\/documents\/document\/detail\/regolamento-concernente-la-custodia-in-eta-prescolastica-la-chaux-de-fonds\"><span class=\"list-link-icon\"><\/span><\/a><\/td>\n<\/tr>\n\n    \n        \n\n<tr>\n    <td><a href=\"\/documentazione\/details\/documents\/document\/detail\/regolamento-concernente-la-custodia-parascolastica-la-chaux-de-fonds\">Regolamento concernente la custodia parascolastica, La Chaux-de-Fonds<\/a><\/td>\n    <td class=\"hide-smartphone align-middle\"><a href=\"\/documentazione\/details\/documents\/document\/detail\/regolamento-concernente-la-custodia-parascolastica-la-chaux-de-fonds\"><span class=\"list-link-icon\"><\/span><\/a><\/td>\n<\/tr>\n\n    \n        \n\n<tr>\n    <td><a href=\"\/documentazione\/details\/documents\/document\/detail\/regolamento-sullassemblea-consultiva-dei-giovani\">Regolamento sull\u2019assemblea consultiva dei giovani<\/a><\/td>\n    <td class=\"hide-smartphone align-middle\"><a href=\"\/documentazione\/details\/documents\/document\/detail\/regolamento-sullassemblea-consultiva-dei-giovani\"><span class=\"list-link-icon\"><\/span><\/a><\/td>\n<\/tr>\n\n    \n        \n\n<tr>\n    <td><a href=\"\/documentazione\/details\/documents\/document\/detail\/scheda-informativa-sulla-protezione-dellinfanzia\">Scheda informativa sulla protezione dell\u2019infanzia<\/a><\/td>\n    <td class=\"hide-smartphone align-middle\"><a href=\"\/documentazione\/details\/documents\/document\/detail\/scheda-informativa-sulla-protezione-dellinfanzia\"><span class=\"list-link-icon\"><\/span><\/a><\/td>\n<\/tr>\n\n    \n        \n\n<tr>\n    <td><a href=\"\/documentazione\/details\/documents\/document\/detail\/sostegno-alla-prima-infanzia-del-cantone-di-berna\">Sostegno alla prima infanzia del Cantone di Berna<\/a><\/td>\n    <td class=\"hide-smartphone align-middle\"><a href=\"\/documentazione\/details\/documents\/document\/detail\/sostegno-alla-prima-infanzia-del-cantone-di-berna\"><span class=\"list-link-icon\"><\/span><\/a><\/td>\n<\/tr>\n\n    \n        \n\n<tr>\n    <td><a href=\"\/documentazione\/details\/documents\/document\/detail\/freiraeume\">Spazi liberi<\/a><\/td>\n    <td class=\"hide-smartphone align-middle\"><a href=\"\/documentazione\/details\/documents\/document\/detail\/freiraeume\"><span class=\"list-link-icon\"><\/span><\/a><\/td>\n<\/tr>\n\n    \n        \n\n<tr>\n    <td><a href=\"\/documentazione\/details\/documents\/document\/detail\/spazio-per-movimento-e-sport-winterthur-opuscoli-informativi-e-buone-pratiche\">Spazio per Movimento e sport Winterthur, opuscoli informativi e buone pratiche<\/a><\/td>\n    <td class=\"hide-smartphone align-middle\"><a href=\"\/documentazione\/details\/documents\/document\/detail\/spazio-per-movimento-e-sport-winterthur-opuscoli-informativi-e-buone-pratiche\"><span class=\"list-link-icon\"><\/span><\/a><\/td>\n<\/tr>\n\n    \n        \n\n<tr>\n    <td><a href=\"\/documentazione\/details\/documents\/document\/detail\/strategia-cantonale-di-prevenzione-della-violenza-che-coinvolge-i-giovani-ti\">Strategia cantonale di prevenzione della violenza che coinvolge i giovani, TI<\/a><\/td>\n    <td class=\"hide-smartphone align-middle\"><a href=\"\/documentazione\/details\/documents\/document\/detail\/strategia-cantonale-di-prevenzione-della-violenza-che-coinvolge-i-giovani-ti\"><span class=\"list-link-icon\"><\/span><\/a><\/td>\n<\/tr>\n\n    \n        \n\n<tr>\n    <td><a href=\"\/documentazione\/details\/documents\/document\/detail\/strategia-cantonale-di-sostegno-alla-prima-infanzia-gr\">Strategia cantonale di sostegno alla prima infanzia, GR<\/a><\/td>\n    <td class=\"hide-smartphone align-middle\"><a href=\"\/documentazione\/details\/documents\/document\/detail\/strategia-cantonale-di-sostegno-alla-prima-infanzia-gr\"><span class=\"list-link-icon\"><\/span><\/a><\/td>\n<\/tr>\n\n    \n        \n\n<tr>\n    <td><a href=\"\/documentazione\/details\/documents\/document\/detail\/strategia-del-servizio-specializzato-per-le-questioni-dellinfanzia-della-gioventu-e-della-famiglia\">Strategia del Servizio specializzato per le questioni dell\u2019infanzia, della giovent\u00f9 e della famiglia<\/a><\/td>\n    <td class=\"hide-smartphone align-middle\"><a href=\"\/documentazione\/details\/documents\/document\/detail\/strategia-del-servizio-specializzato-per-le-questioni-dellinfanzia-della-gioventu-e-della-famiglia\"><span class=\"list-link-icon\"><\/span><\/a><\/td>\n<\/tr>\n\n    \n        \n\n<tr>\n    <td><a href=\"\/documentazione\/details\/documents\/document\/detail\/strategia-di-sostegno-alla-prima-infanzia-cantone-di-zurigo\">Strategia di sostegno alla prima infanzia, Cantone di Zurigo<\/a><\/td>\n    <td class=\"hide-smartphone align-middle\"><a href=\"\/documentazione\/details\/documents\/document\/detail\/strategia-di-sostegno-alla-prima-infanzia-cantone-di-zurigo\"><span class=\"list-link-icon\"><\/span><\/a><\/td>\n<\/tr>\n\n    \n        \n\n<tr>\n    <td><a href=\"\/documentazione\/details\/documents\/document\/detail\/strategia-in-materia-di-politica-dellinfanzia-e-della-gioventu-cantone-di-san-gallo\">Strategia in materia di politica dell\u2019infanzia e della giovent\u00f9, Cantone di San Gallo<\/a><\/td>\n    <td class=\"hide-smartphone align-middle\"><a href=\"\/documentazione\/details\/documents\/document\/detail\/strategia-in-materia-di-politica-dellinfanzia-e-della-gioventu-cantone-di-san-gallo\"><span class=\"list-link-icon\"><\/span><\/a><\/td>\n<\/tr>\n\n    \n        \n\n<tr>\n    <td><a href=\"\/documentazione\/details\/documents\/document\/detail\/rapporto-e-strategia-per-la-protezione-dellinfanzia-2016-2020-sg\">Strategia in materia di protezione dell\u2019infanzia, Cantone di San Gallo<\/a><\/td>\n    <td class=\"hide-smartphone align-middle\"><a href=\"\/documentazione\/details\/documents\/document\/detail\/rapporto-e-strategia-per-la-protezione-dellinfanzia-2016-2020-sg\"><span class=\"list-link-icon\"><\/span><\/a><\/td>\n<\/tr>\n\n    \n        \n\n<tr>\n    <td><a href=\"\/documentazione\/details\/documents\/document\/detail\/strategia-per-il-sostegno-alla-prima-infanzia-sg\">Strategia per il sostegno alla prima infanzia, Cantone di San Gallo<\/a><\/td>\n    <td class=\"hide-smartphone align-middle\"><a href=\"\/documentazione\/details\/documents\/document\/detail\/strategia-per-il-sostegno-alla-prima-infanzia-sg\"><span class=\"list-link-icon\"><\/span><\/a><\/td>\n<\/tr>\n\n    \n        \n\n<tr>\n    <td><a href=\"\/documentazione\/details\/documents\/document\/detail\/strategia-per-il-sostegno-alla-prima-infanzia-san-gallo\">Strategia per il sostegno alla prima infanzia, San Gallo<\/a><\/td>\n    <td class=\"hide-smartphone align-middle\"><a href=\"\/documentazione\/details\/documents\/document\/detail\/strategia-per-il-sostegno-alla-prima-infanzia-san-gallo\"><span class=\"list-link-icon\"><\/span><\/a><\/td>\n<\/tr>\n\n    \n        \n\n<tr>\n    <td><a href=\"\/documentazione\/details\/documents\/document\/detail\/strategia-per-la-custodia-di-bambini-in-eta-prescolastica-complementare-alla-famiglia-baden-ecc\">Strategia per la custodia di bambini in et\u00e0 prescolastica complementare alla famiglia (Baden ecc.)<\/a><\/td>\n    <td class=\"hide-smartphone align-middle\"><a href=\"\/documentazione\/details\/documents\/document\/detail\/strategia-per-la-custodia-di-bambini-in-eta-prescolastica-complementare-alla-famiglia-baden-ecc\"><span class=\"list-link-icon\"><\/span><\/a><\/td>\n<\/tr>\n\n    \n        \n\n<tr>\n    <td><a href=\"\/documentazione\/details\/documents\/document\/detail\/strategia-per-la-promozione-della-salute-e-la-prevenzione-2017-2025\">Strategia per la promozione della salute e la prevenzione 2017\u20132025<\/a><\/td>\n    <td class=\"hide-smartphone align-middle\"><a href=\"\/documentazione\/details\/documents\/document\/detail\/strategia-per-la-promozione-della-salute-e-la-prevenzione-2017-2025\"><span class=\"list-link-icon\"><\/span><\/a><\/td>\n<\/tr>\n\n    \n        \n\n<tr>\n    <td><a href=\"\/documentazione\/details\/documents\/document\/detail\/strategia-je-participe-prospettive-2030\">Strategia \u00abJe participe!\u00bb \u2013 Prospettive 2030<\/a><\/td>\n    <td class=\"hide-smartphone align-middle\"><a href=\"\/documentazione\/details\/documents\/document\/detail\/strategia-je-participe-prospettive-2030\"><span class=\"list-link-icon\"><\/span><\/a><\/td>\n<\/tr>\n\n    \n        \n\n<tr>\n    <td><a href=\"\/documentazione\/details\/documents\/document\/detail\/studi-sistema-obbligatorio-selettivo-per-promuovere-lapprendimento-del-tedesco-prima-dellasilobs\">Studi: sistema obbligatorio selettivo per promuovere l\u2019apprendimento del tedesco prima dell\u2019asilo,BS<\/a><\/td>\n    <td class=\"hide-smartphone align-middle\"><a href=\"\/documentazione\/details\/documents\/document\/detail\/studi-sistema-obbligatorio-selettivo-per-promuovere-lapprendimento-del-tedesco-prima-dellasilobs\"><span class=\"list-link-icon\"><\/span><\/a><\/td>\n<\/tr>\n\n    \n        \n\n<tr>\n    <td><a href=\"\/documentazione\/details\/documents\/document\/detail\/verordnung-ueber-die-angebote-zur-sozialen-integration-asiv-bsg-860113\">Verordnung \u00fcber die Angebote zur sozialen Integration (ASIV), BSG 860.113<\/a><\/td>\n    <td class=\"hide-smartphone align-middle\"><a href=\"\/documentazione\/details\/documents\/document\/detail\/verordnung-ueber-die-angebote-zur-sozialen-integration-asiv-bsg-860113\"><span class=\"list-link-icon\"><\/span><\/a><\/td>\n<\/tr>\n\n    \n        \n\n<tr>\n    <td><a href=\"\/documentazione\/details\/documents\/document\/detail\/wauwil-primo-comune-amico-dei-bambini-in-svizzera\">Wauwil \u2013 primo \u00abComune amico dei bambini\u00bb in Svizzera<\/a><\/td>\n    <td class=\"hide-smartphone align-middle\"><a href=\"\/documentazione\/details\/documents\/document\/detail\/wauwil-primo-comune-amico-dei-bambini-in-svizzera\"><span class=\"list-link-icon\"><\/span><\/a><\/td>\n<\/tr>\n\n    \n        \n\n<tr>\n    <td><a href=\"\/documentazione\/details\/documents\/document\/detail\/workshop-neues-wahlsystem-graubuenden\">Workshop \u00abNuovo sistema elettorale nel Cantone dei Grigioni\u00bb<\/a><\/td>\n    <td class=\"hide-smartphone align-middle\"><a href=\"\/documentazione\/details\/documents\/document\/detail\/workshop-neues-wahlsystem-graubuenden\"><span class=\"list-link-icon\"><\/span><\/a><\/td>\n<\/tr>\n\n    \n    <\/tbody>\n<\/table>\n\n\n","availableTypes":[0,5,3,4]}